{"id":389,"date":"2018-02-17T13:14:34","date_gmt":"2018-02-17T13:14:34","guid":{"rendered":"http:\/\/www.cresm.net\/?p=389"},"modified":"2023-10-25T05:46:37","modified_gmt":"2023-10-25T05:46:37","slug":"creea","status":"publish","type":"post","link":"https:\/\/www.cresm.it\/en\/creea\/","title":{"rendered":"CREEA"},"content":{"rendered":"<p>Il progetto &#8220;<strong>Arlekin<\/strong>&#8221; continua ad essere attivo attraverso il nuovo <a href=\"https:\/\/www.cree-a.eu\/\" target=\"_blank\" rel=\"noopener\">progetto CreEA<\/a>, all&#8217;interno del programma Erasmus+, coordinato da <strong>Cnam Lorraine<\/strong> i cui partner sono: \u00a0il <strong>Cnam<\/strong> di Parigi, il <strong>CRESM<\/strong>, Il<strong> Forum Europeo sulla Sicurezza Urbana<\/strong>, l&#8217;<strong>Universit\u00e0 di Minho<\/strong>, la <strong>Fundaci\u00f3n Sevilla Acoge<\/strong>, l&#8217;<strong>Universit\u00e0 degli Studi di Padoua<\/strong>, l&#8217;<strong>Ecole des Hautes Etudes de Li\u00e8ge<\/strong>, \u00a0l&#8217;<strong>Associazione Egregoros<\/strong>, l&#8217;<strong>Universit\u00e0 di Magdebourg<\/strong>, l&#8217;<strong>Universit\u00e0 di Lussemburgo<\/strong>.<\/p>\n<p style=\"text-align: center;\"><a href=\"https:\/\/www.cree-a.eu\/\" target=\"_blank\" rel=\"noopener\"><img loading=\"lazy\" decoding=\"async\" class=\"alignnone wp-image-843 size-full\" src=\"https:\/\/www.cresm.it\/wp-content\/uploads\/2017\/06\/creea-cresm.png\" alt=\"\" width=\"350\" height=\"75\" srcset=\"https:\/\/www.cresm.it\/wp-content\/uploads\/2017\/06\/creea-cresm.png 350w, https:\/\/www.cresm.it\/wp-content\/uploads\/2017\/06\/creea-cresm-300x64.png 300w\" sizes=\"auto, (max-width: 350px) 100vw, 350px\" \/><\/a><\/p>\n<p><span style=\"color: #ffffff;\">_____<\/span><\/p>\n<p>PARTECIPAZIONE al &#8220;<em><strong>Tour d\u2019Europa dei Mediatori Sociali 2019<\/strong><\/em>&#8221;<\/p>\n<p><a href=\"https:\/\/www.cresm.it\/wp-content\/uploads\/2018\/02\/Dossier-a-lappel-candidature-a-A-rlekin-2019-Modalites-du-Tour-ITALIEN.pdf\">Dossier progetto<\/a><\/p>\n<p><a href=\"https:\/\/www.cresm.it\/wp-content\/uploads\/2018\/02\/Modulo-di-domanda-2019-1.docx\">Domanda di candidatura<\/a><\/p>\n<p><span style=\"color: #ffffff;\">_____<\/span><\/p>\n<hr \/>\n<p><span style=\"color: #ffffff;\">_____<\/span><\/p>\n<p style=\"text-align: center;\">PALERMO: GIORNATA EUROPEA DELLA MEDIAZIONE PER L&#8217;INCLUSIONE SOCIALE<br \/>\n<strong>&#8220;La mediazione e la scuola&#8221;<\/strong><br \/>\n<em>7 marzo 2018, Palazzo Belmonte Riso<\/em><\/p>\n<p>La Sicilia occidentale \u00e8 stata protagonista grazie al CRESM di Gibellina, di una sperimentazione europea sulla mediazione sociale nell&#8217;ambito sia del programma europeo Grundtvig 2013, grazie al progetto ARLERKIN, sia nell&#8217;ambito del Programma Erasmus+ con il progetto CreE.A. ll progetto mira a creare uno spazio europeo sulla mediazione per l&#8217;inclusione sociale con lo scopo di mettere in rete istituzioni pubbliche, private e attori sociali prevedendo l&#8217;attivazione e l&#8217;organizzazione di alcuni momenti di confronto nazionale e internazionale dedicati alla &#8220;MEDIAZIONE PER L&#8217;INCLUSIONE SOCIALE&#8221;.<br \/>\nLa prossima giornata europea si terr\u00e0 a Palermo il 7 marzo 2018, a partire dalle ore 9.00, all&#8217;interno della sala conferenze del Museo regionale d&#8217;arte moderna e contemporanea di Palazzo Belmonte Riso. Nello specifico si affronter\u00e0 il tema della mediazione nelle scuole e nei quartieri, la sua dimensione interculturale, la prevenzione della radicalizzazione e l&#8217;accesso ai diritti.<br \/>\nParteciperanno illustri esponenti della mediazione sociale, come Jean-Pierre Bonaf\u00e9 Schmitt, indiscussa personalit\u00e0 a livello internazionale, sociologo, fondatore della Boutique de droit, Association AM\u00e9LY (Association de M\u00e9diation Lyonnaise), ricercatore e autore di numerosi pubblicazioni scientifiche sul tema della mediazione tra pari.<br \/>\nDurante la giornata si alterneranno relatori del calibro di Hibat Tabib (Direttore Afpad Association pour la Formation, la Pr\u00e9vention et l&#8217;Acc\u00e8s au Droit), Giovanni Ghibaudi (Mediatore e coordinatore del Centro di Mediazione di Torino), Andr\u00e9 Moisan del CNAM (Conservatorio Nazionale di Arti e Mestieri) di Parigi, Th\u00e9r\u00e8se Lucas (Coordinatrice del servizio di mediazione scolastica per la F\u00e9d\u00e9ration Wallonie di Bruxelles), Ana Maria Costa Silva (Universit\u00e0 del Minho, Portogallo), Renato Briante esperto di Welfare, Giuseppe Maiorana (Direttore del Museo BelicEpicentro).<br \/>\nE&#8217; prevista inoltre la partecipazione di Valeria Li Vigni (Direttrice Polo Museo Regionale Arte Moderna e Contemporanea, Alessandro La Grassa (Presidente del CRESM), Anna Maria Frosina (coordinatrice per il CRESM del progetto CreE.A.), Maria Ippolito Assessore Regionale della famiglia, delle Politiche sociali e del lavoro, Salvatore Ciglione (Dirigente generale, Assessorato Regionale della Famiglia, delle Politiche sociali e del lavoro) Marilisa Figuccia ( MIUR USR Sicilia Ufficio XI Ambito territoriale per la provincia di Trapani). Seguir\u00e0 una tavola rotonda sul rapporto tra la mediazione sociale e la scuola, sul ruolo centrale della Scuola come comunit\u00e0 educante e il riconoscimento del ruolo della mediazione sociale per la presa in carico e l\u2019accompagnamento all\u2019inclusione attiva della persona fragile, nel quadro del welfare regionale e distrettuale. Parteciperanno alla tavola rotonda i partner accademici europei coinvolti nel progetto CreE.A.<br \/>\nLa chiusura dei lavori \u00e8 prevista per le ore 16.30.<br \/>\nPer i docenti partecipanti che lo richiederanno sar\u00e0 rilasciato certificato di partecipazione che dar\u00e0 diritto all&#8217;esonero dal lavoro.<\/p>\n<p>info: atelier.sociale@cresm.it<br \/>\nwww.cresm.it<br \/>\ntel. 0924 69000<\/p>\n<p>&#8212;<\/p>\n<p style=\"text-align: left;\"><strong>Programma completo:<\/strong><\/p>\n<p>9,00 <strong>Accoglienza partecipanti<\/strong><\/p>\n<p>9,30 <strong>Saluti istituzionali<\/strong><br \/>\nValeria Li Vigni &#8211; Direttrice Polo Museo Regionale Arte Moderna e Contemporanea<br \/>\nAlessandro La Grassa &#8211; Presidente del CRESM<br \/>\nMaria Ippolito &#8211; Assessorato Regionale della famiglia, delle Politiche sociali e del lavoro<br \/>\nMarilisa Figuccia &#8211; MIUR USR Sicilia Ufficio XI Ambito territoriale per la provincia di Trapani<\/p>\n<p>10,00<strong> Introduzione dei lavori: La mediazione e il progetto CreE_A<\/strong><br \/>\nAndr\u00e9 Moisan \u2013 CNAM di Parigi<\/p>\n<p>10,10 <strong>L&#8217;esperienza del CRESM: Le pratiche della mediazione scolastica tra pari in Sicilia e il ruolo centrale della comunit\u00e0 educante. Il Progetto Arte di Crescere<\/strong><br \/>\nAnnamaria Frosina \u2013 Coordinatrice per il CRESM del progetto CreE_A<br \/>\nGiuseppe Maiorana \u2013 Direttore Museo BelicEpicentro &#8211; CRESM<\/p>\n<p>10,30<strong> L&#8217;esperienza di Torino: il progetto \u00abSicurs\u00e9\u00bb<\/strong><br \/>\nGiovanni Ghibaudi &#8211; Mediatore e coordinatore del Centro Mediazione di Torino<\/p>\n<p>10,50 <strong>Coffee break<\/strong><\/p>\n<p>11,20 <strong>L&#8217;esperienza dell\u2019AFPAD : \u00abLe fil continu\u00bb<\/strong><br \/>\nHibat Tabib &#8211; Direttore AFPAD Associazione per la Formazione, la Prevenzione e l&#8217;Accesso ai Diritti<\/p>\n<p>11,40 <strong>L\u2019 esperienza di Amely a Lione<\/strong><br \/>\nJean-Pierre Bonaf\u00e9 Schmitt &#8211; Sociologo, Associazione AM\u00e9LY (Association de M\u00e9diation Lyonnaise)<\/p>\n<p>12,00 <strong>L\u2019esperienza del Belgio &#8211;\u00a0<\/strong><strong>Il Servizio di Mediazione Scolastica &#8211; F\u00e9d\u00e9ration Wallonie-Bruxelles: un dispositivo strutturato di prevenzione della violenza nella scuola<\/strong><br \/>\nTh\u00e9r\u00e8se LUCAS &#8211; coordinatrice del servizio di mediazione scolastica per la F\u00e9d\u00e9ration Wallonie Bruxelles<\/p>\n<p>12,20 <strong>L\u2019esperienza del Portogallo &#8211; Educazione alla cittadinanza e la mediazione nelle scuole<\/strong><br \/>\nAna Maria Costa Silva &#8211; Universit\u00e0 di Minho, Portogallo<\/p>\n<p>13,00 <strong>Brunch<\/strong><\/p>\n<p>13,50 <strong>La Mediazione e il progetto di legge in Sicilia<\/strong><br \/>\nRenato Briante &#8211; Consulente Formez e INAPP per l\u2019accompagnamento tecnico alle Autorit\u00e0 Centrali<br \/>\nSalvatore Giglione &#8211; Dirigente generale Assessorato Regionale della famiglia, delle Politiche sociali e del lavoro<\/p>\n<p>14,30<strong> Tavola rotonda &#8211; La mediazione sociale a scuola: il ruolo della comunit\u00e0 educante<\/strong><br \/>\n(interventi partner accademici del progetto )<br \/>\nDibattito<\/p>\n<p>16,00 <strong>Chiusura dei lavori<\/strong><br \/>\nAnnamaria Frosina &#8211; CRESM<\/p>\n<p>Segue, per chi \u00e8 interessato, la <strong>visita al museo<\/strong><\/p>\n<p><img loading=\"lazy\" decoding=\"async\" class=\"alignnone size-full wp-image-856\" src=\"https:\/\/www.cresm.it\/wp-content\/uploads\/2018\/02\/mediazione-scuola-2018.png\" alt=\"\" width=\"1200\" height=\"1704\" srcset=\"https:\/\/www.cresm.it\/wp-content\/uploads\/2018\/02\/mediazione-scuola-2018.png 1200w, https:\/\/www.cresm.it\/wp-content\/uploads\/2018\/02\/mediazione-scuola-2018-211x300.png 211w, https:\/\/www.cresm.it\/wp-content\/uploads\/2018\/02\/mediazione-scuola-2018-721x1024.png 721w, https:\/\/www.cresm.it\/wp-content\/uploads\/2018\/02\/mediazione-scuola-2018-768x1091.png 768w, https:\/\/www.cresm.it\/wp-content\/uploads\/2018\/02\/mediazione-scuola-2018-1082x1536.png 1082w\" sizes=\"auto, (max-width: 1200px) 100vw, 1200px\" \/><\/p>\n","protected":false},"excerpt":{"rendered":"<p>Il progetto &#8220;Arlekin&#8221; continua ad essere attivo attraverso il nuovo progetto CreEA, all&#8217;interno del programma Erasmus+, coordinato da Cnam Lorraine i cui partner sono: \u00a0il Cnam di Parigi, il CRESM, Il Forum Europeo sulla Sicurezza Urbana, l&#8217;Universit\u00e0 di Minho, la Fundaci\u00f3n Sevilla Acoge, l&#8217;Universit\u00e0 degli Studi di Padoua, l&#8217;Ecole des Hautes Etudes de Li\u00e8ge, \u00a0l&#8217;Associazione&hellip;&nbsp;<a href=\"https:\/\/www.cresm.it\/en\/creea\/\" class=\"\" rel=\"bookmark\">Read More &raquo;<span class=\"screen-reader-text\">CREEA<\/span><\/a><\/p>\n","protected":false},"author":1,"featured_media":840,"comment_status":"open","ping_status":"open","sticky":false,"template":"","format":"standard","meta":{"neve_meta_sidebar":"","neve_meta_container":"","neve_meta_enable_content_width":"","neve_meta_content_width":0,"neve_meta_title_alignment":"","neve_meta_author_avatar":"","neve_post_elements_order":"","neve_meta_disable_header":"","neve_meta_disable_footer":"","neve_meta_disable_title":"","_themeisle_gutenberg_block_has_review":false,"footnotes":""},"categories":[7],"tags":[],"class_list":["post-389","post","type-post","status-publish","format-standard","has-post-thumbnail","hentry","category-immigration-and-inclusion"],"translation":{"provider":"WPGlobus","version":"3.0.0","language":"en","enabled_languages":["it","en"],"languages":{"it":{"title":true,"content":true,"excerpt":false},"en":{"title":true,"content":true,"excerpt":false}}},"_links":{"self":[{"href":"https:\/\/www.cresm.it\/en\/wp-json\/wp\/v2\/posts\/389","targetHints":{"allow":["GET"]}}],"collection":[{"href":"https:\/\/www.cresm.it\/en\/wp-json\/wp\/v2\/posts"}],"about":[{"href":"https:\/\/www.cresm.it\/en\/wp-json\/wp\/v2\/types\/post"}],"author":[{"embeddable":true,"href":"https:\/\/www.cresm.it\/en\/wp-json\/wp\/v2\/users\/1"}],"replies":[{"embeddable":true,"href":"https:\/\/www.cresm.it\/en\/wp-json\/wp\/v2\/comments?post=389"}],"version-history":[{"count":1,"href":"https:\/\/www.cresm.it\/en\/wp-json\/wp\/v2\/posts\/389\/revisions"}],"predecessor-version":[{"id":2198,"href":"https:\/\/www.cresm.it\/en\/wp-json\/wp\/v2\/posts\/389\/revisions\/2198"}],"wp:featuredmedia":[{"embeddable":true,"href":"https:\/\/www.cresm.it\/en\/wp-json\/wp\/v2\/media\/840"}],"wp:attachment":[{"href":"https:\/\/www.cresm.it\/en\/wp-json\/wp\/v2\/media?parent=389"}],"wp:term":[{"taxonomy":"category","embeddable":true,"href":"https:\/\/www.cresm.it\/en\/wp-json\/wp\/v2\/categories?post=389"},{"taxonomy":"post_tag","embeddable":true,"href":"https:\/\/www.cresm.it\/en\/wp-json\/wp\/v2\/tags?post=389"}],"curies":[{"name":"wp","href":"https:\/\/api.w.org\/{rel}","templated":true}]}}